{"id":3983,"date":"2020-10-10T13:26:34","date_gmt":"2020-10-10T11:26:34","guid":{"rendered":"http:\/\/muzeumtatrzanskie.pl\/tjaktytus\/?p=3983"},"modified":"2020-10-13T11:37:28","modified_gmt":"2020-10-13T09:37:28","slug":"publikacja-uzupelniajaca","status":"publish","type":"post","link":"https:\/\/muzeumtatrzanskie.pl\/tjaktytus\/publikacja-uzupelniajaca\/","title":{"rendered":"Publikacja uzupe\u0142niaj\u0105ca"},"content":{"rendered":"\n<p>Mamy nadziej\u0119, \u017ce katalog kt\u00f3ry przygotowali\u015bmy dla Pa\u0144stwa pozwoli na lepszy odbi\u00f3r wystawy. Postanowili\u015bmy bowiem, stworzy\u0107 ma\u0142y przewodnik po kolekcjach b\u0119d\u0105cych w posiadaniu Muzeum Tatrza\u0144skiego, a maj\u0105cych zwi\u0105zek z postaci\u0105 naszego patrona. <\/p>\n\n\n\n<div class=\"wp-block-file\"><a href=\"http:\/\/muzeumtatrzanskie.pl\/tjaktytus\/wp-content\/uploads\/2020\/10\/Projekt-previu-06.pdf\">Projekt-previu-06<\/a><a href=\"http:\/\/muzeumtatrzanskie.pl\/tjaktytus\/wp-content\/uploads\/2020\/10\/Projekt-previu-06.pdf\" class=\"wp-block-file__button\" download>Pobierz<\/a><\/div>\n","protected":false},"excerpt":{"rendered":"<p>Mamy nadziej\u0119, \u017ce katalog kt\u00f3ry przygotowali\u015bmy dla Pa\u0144stwa pozwoli na lepszy odbi\u00f3r wystawy. Postanowili\u015bmy bowiem, stworzy\u0107 ma\u0142y przewodnik po kolekcjach b\u0119d\u0105cych w posiadaniu Muzeum Tatrza\u0144skiego, a maj\u0105cych zwi\u0105zek z postaci\u0105 naszego patrona.<\/p>\n","protected":false},"author":4,"featured_media":3985,"comment_status":"open","ping_status":"open","sticky":false,"template":"","format":"standard","meta":[],"categories":[1,65],"tags":[182,181],"_links":{"self":[{"href":"https:\/\/muzeumtatrzanskie.pl\/tjaktytus\/wp-json\/wp\/v2\/posts\/3983"}],"collection":[{"href":"https:\/\/muzeumtatrzanskie.pl\/tjaktytus\/wp-json\/wp\/v2\/posts"}],"about":[{"href":"https:\/\/muzeumtatrzanskie.pl\/tjaktytus\/wp-json\/wp\/v2\/types\/post"}],"author":[{"embeddable":true,"href":"https:\/\/muzeumtatrzanskie.pl\/tjaktytus\/wp-json\/wp\/v2\/users\/4"}],"replies":[{"embeddable":true,"href":"https:\/\/muzeumtatrzanskie.pl\/tjaktytus\/wp-json\/wp\/v2\/comments?post=3983"}],"version-history":[{"count":2,"href":"https:\/\/muzeumtatrzanskie.pl\/tjaktytus\/wp-json\/wp\/v2\/posts\/3983\/revisions"}],"predecessor-version":[{"id":3987,"href":"https:\/\/muzeumtatrzanskie.pl\/tjaktytus\/wp-json\/wp\/v2\/posts\/3983\/revisions\/3987"}],"wp:featuredmedia":[{"embeddable":true,"href":"https:\/\/muzeumtatrzanskie.pl\/tjaktytus\/wp-json\/wp\/v2\/media\/3985"}],"wp:attachment":[{"href":"https:\/\/muzeumtatrzanskie.pl\/tjaktytus\/wp-json\/wp\/v2\/media?parent=3983"}],"wp:term":[{"taxonomy":"category","embeddable":true,"href":"https:\/\/muzeumtatrzanskie.pl\/tjaktytus\/wp-json\/wp\/v2\/categories?post=3983"},{"taxonomy":"post_tag","embeddable":true,"href":"https:\/\/muzeumtatrzanskie.pl\/tjaktytus\/wp-json\/wp\/v2\/tags?post=3983"}],"curies":[{"name":"wp","href":"https:\/\/api.w.org\/{rel}","templated":true}]}}